{"id":1325,"date":"2026-05-20T19:15:00","date_gmt":"2026-05-20T17:15:00","guid":{"rendered":"https:\/\/canada.choeurdefilles.be\/?p=1325"},"modified":"2026-06-30T23:43:39","modified_gmt":"2026-06-30T21:43:39","slug":"bienvenue-sur-le-blog-canada-2026","status":"publish","type":"post","link":"https:\/\/canada.choeurdefilles.be\/index.php\/2026\/05\/20\/bienvenue-sur-le-blog-canada-2026\/","title":{"rendered":"Bienvenue sur le blog de la tourn\u00e9e Canada\u00a02026\u00a0!"},"content":{"rendered":"\n<figure class=\"wp-block-image size-large\"><a href=\"https:\/\/canada.choeurdefilles.be\/wp-content\/uploads\/2026\/06\/MELOPEE_2026_CANADA-1024x367.png\" class=\"image-link\"><img loading=\"lazy\" decoding=\"async\" width=\"1024\" height=\"367\" src=\"https:\/\/canada.choeurdefilles.be\/wp-content\/uploads\/2026\/06\/MELOPEE_2026_CANADA-1024x367.png\" alt=\"\" class=\"wp-image-1312\" srcset=\"https:\/\/canada.choeurdefilles.be\/wp-content\/uploads\/2026\/06\/MELOPEE_2026_CANADA-1024x367.png 1024w, https:\/\/canada.choeurdefilles.be\/wp-content\/uploads\/2026\/06\/MELOPEE_2026_CANADA-300x107.png 300w, https:\/\/canada.choeurdefilles.be\/wp-content\/uploads\/2026\/06\/MELOPEE_2026_CANADA-768x275.png 768w, https:\/\/canada.choeurdefilles.be\/wp-content\/uploads\/2026\/06\/MELOPEE_2026_CANADA-1536x550.png 1536w, https:\/\/canada.choeurdefilles.be\/wp-content\/uploads\/2026\/06\/MELOPEE_2026_CANADA-2048x734.png 2048w, https:\/\/canada.choeurdefilles.be\/wp-content\/uploads\/2026\/06\/MELOPEE_2026_CANADA-519x186.png 519w\" sizes=\"auto, (max-width: 1024px) 100vw, 1024px\" \/><\/a><\/figure>\n\n\n\n<p class=\"wp-block-paragraph\">Ce blog vous permettra de suivre les aventures de M\u00e9lop\u00e9e au Canada durant les deux semaines de la tourn\u00e9e, du 3 au 18 juillet 2026.<\/p>\n\n\n\n<p class=\"wp-block-paragraph\">Il sera mis \u00e0 jour r\u00e9guli\u00e8rement tout au long du voyage via diverses publications. Il est possible de r\u00e9agir \u00e0 ces publications via les commentaires.<\/p>\n","protected":false},"excerpt":{"rendered":"<p>Ce blog vous permettra de suivre les aventures de M\u00e9lop\u00e9e au Canada durant les deux semaines de la tourn\u00e9e, du 3 au 18 juillet 2026. Il sera mis \u00e0 jour r\u00e9guli\u00e8rement tout au long du voyage via diverses publications. Il est possible de r\u00e9agir \u00e0 ces publications via les commentaires.<\/p>\n","protected":false},"author":1,"featured_media":0,"comment_status":"open","ping_status":"open","sticky":false,"template":"","format":"standard","meta":{"footnotes":""},"categories":[1],"tags":[],"class_list":["post-1325","post","type-post","status-publish","format-standard","hentry","category-uncategorized"],"_links":{"self":[{"href":"https:\/\/canada.choeurdefilles.be\/index.php\/wp-json\/wp\/v2\/posts\/1325","targetHints":{"allow":["GET"]}}],"collection":[{"href":"https:\/\/canada.choeurdefilles.be\/index.php\/wp-json\/wp\/v2\/posts"}],"about":[{"href":"https:\/\/canada.choeurdefilles.be\/index.php\/wp-json\/wp\/v2\/types\/post"}],"author":[{"embeddable":true,"href":"https:\/\/canada.choeurdefilles.be\/index.php\/wp-json\/wp\/v2\/users\/1"}],"replies":[{"embeddable":true,"href":"https:\/\/canada.choeurdefilles.be\/index.php\/wp-json\/wp\/v2\/comments?post=1325"}],"version-history":[{"count":4,"href":"https:\/\/canada.choeurdefilles.be\/index.php\/wp-json\/wp\/v2\/posts\/1325\/revisions"}],"predecessor-version":[{"id":1366,"href":"https:\/\/canada.choeurdefilles.be\/index.php\/wp-json\/wp\/v2\/posts\/1325\/revisions\/1366"}],"wp:attachment":[{"href":"https:\/\/canada.choeurdefilles.be\/index.php\/wp-json\/wp\/v2\/media?parent=1325"}],"wp:term":[{"taxonomy":"category","embeddable":true,"href":"https:\/\/canada.choeurdefilles.be\/index.php\/wp-json\/wp\/v2\/categories?post=1325"},{"taxonomy":"post_tag","embeddable":true,"href":"https:\/\/canada.choeurdefilles.be\/index.php\/wp-json\/wp\/v2\/tags?post=1325"}],"curies":[{"name":"wp","href":"https:\/\/api.w.org\/{rel}","templated":true}]}}